{"id":2332,"date":"2026-09-03T13:32:37","date_gmt":"2026-09-03T13:32:37","guid":{"rendered":"https:\/\/blogdeosvaldonemirovsci.com.ar\/?p=2332"},"modified":"2026-09-04T13:36:37","modified_gmt":"2026-09-04T13:36:37","slug":"del-malismo-al-horribilismo","status":"publish","type":"post","link":"https:\/\/blogdeosvaldonemirovsci.com.ar\/?p=2332","title":{"rendered":"Del malismo al horribilismo"},"content":{"rendered":"<p><a href=\"https:\/\/www.pagina12.com.ar\/2026\/09\/03\/del-malismo-al-horribilismo-la-institucionalizacion-de-la-crueldad-como-arte-de-gobierno\/\">Publicado en P\u00e1gina 12<\/a><\/p>\n<p>&nbsp;<\/p>\n<p><strong>\u00a0<\/strong>En el a\u00f1o 2024, el artista espa\u00f1ol Mauro Entrialgo public\u00f3 un libro titulado <em>Malismo: La ostentaci\u00f3n del mal como propaganda<\/em>. Contrariamente a lo que puede suponerse, el t\u00e9rmino acu\u00f1ado no opera gramaticalmente como un adjetivo. Se trata, en rigor, de un sustantivo masculino, com\u00fan y abstracto que, al amalgamar la ra\u00edz l\u00e9xica del adjetivo <strong><em>\u201cmalo\u201d<\/em><\/strong> con el sufijo \u201c<strong><em>ismo\u201d, <\/em><\/strong>trasciende la mera calificaci\u00f3n individual para constituirse, casi, en un sistema doctrinal, una categor\u00eda anal\u00edtica y una pr\u00e1ctica de alcance social.<\/p>\n<p>El <strong><em>malismo<\/em><\/strong> se fundamenta en una estrategia comunicacional y propagand\u00edstica in\u00e9dita en la pol\u00edtica contempor\u00e1nea: <em>el despliegue abierto y ostentoso de discursos, actos y decisiones de car\u00e1cter reprobable.<\/em> Lejos de ocultar la amoralidad o la transgresi\u00f3n \u00e9tica, sus cultores la exhiben de forma expl\u00edcita y performativa como un activo provechoso, articulando una narrativa dise\u00f1ada para cosechar r\u00e9ditos en la arena electoral, comercial, medi\u00e1tica o institucional.<\/p>\n<p>En todo el mundo, figuras gubernamentales encarnan a la perfecci\u00f3n esta l\u00f3gica. Su modus operandi estriba en articular pronunciamientos caracterizados por una virulencia dirigida intencionalmente hacia los sectores m\u00e1s postergados, vulnerados o marginados del entramado comunitario.<\/p>\n<p><em>El n\u00facleo conceptual del malismo radica precisamente en erradicar la verg\u00fcenza o el disimulo; la agresividad no se enmascara, sino que se enarbola como un atributo de presunta autenticidad, audacia e irreverencia frente a lo establecido.<\/em><\/p>\n<p>Ha superado el campo de la pol\u00edtica y la ostentaci\u00f3n del mal se ha capilarizado en variados estratos y se ve en el ecosistema comercial mediante marcas que apelan a nombres \u201ccanallas\u201d como factor de venta; sintoniza con las din\u00e1micas televisivas y digitales que mercantilizan la humillaci\u00f3n ajena como espect\u00e1culo de consumo masivo; y se consolida a trav\u00e9s de la ret\u00f3rica belicista e imprudente de l\u00edderes militares o los sermones de referentes religiosos que legitiman la exclusi\u00f3n, el odio y el rechazo a la otredad. Todas estas expresiones confluyen en un mismo paradigma: la elevaci\u00f3n de la crueldad a la categor\u00eda de pilar identitario.<\/p>\n<p>A esta altura de la <em>soir\u00e9e<a href=\"#_ftn1\" name=\"_ftnref1\"><strong>[1]<\/strong><\/a><\/em>, al decir del pensador de Ingeniero Jacobacci Cefe Namuncur\u00e1, es preciso advertir la severa conversi\u00f3n que ha sufrido este dispositivo. Lo que en otras \u00e9pocas supo vincularse a la provocaci\u00f3n contestataria, la rebeld\u00eda o la modernidad est\u00e9tica orientada a desafiar a las estructuras de poder, ha sido cooptado y neutralizado por el propio sistema.<\/p>\n<p>&nbsp;<\/p>\n<p>&nbsp;<\/p>\n<p>En manos del establishment econ\u00f3mico, medi\u00e1tico y pol\u00edtico, la provocaci\u00f3n perdi\u00f3 su aliento emancipador para mutar en una herramienta de dominaci\u00f3n. Hoy constituye una plataforma disciplinadora dirigida a erosionar los pactos democr\u00e1ticos esenciales, dinamitar las coberturas de solidaridad social y disolver los consensos comunitarios en torno a los derechos humanos, la justicia distributiva y la dignidad humana.<\/p>\n<p>En este sentido, \u00a0el escenario pol\u00edtico argentino ofrece un caso de estudio paradigm\u00e1tico. Pedimos permiso al espa\u00f1ol Entrailgo y decimos que <strong><em>el malismo en Argentina ha mutado al<\/em><\/strong> <strong><em>\u201chorribilismo<\/em><\/strong>\u201d <strong>O sea\u2026digamos<\/strong>, como el malismo, pero peor<strong>, o sea digamos<\/strong>.<\/p>\n<p>Esta evoluci\u00f3n se consolida a partir de diciembre de 2023, con el advenimiento al gobierno de Javier Milei y su equipo de gesti\u00f3n, cuya configuraci\u00f3n encaja en la definici\u00f3n estricta de una kakistocracia: el gobierno de los peores, los m\u00e1s mediocres y los menos calificados para la conducci\u00f3n del Estado.<\/p>\n<p>El paradigma de esta administraci\u00f3n condensa las expresiones m\u00e1s virulentas del malismo original, profundiz\u00e1ndolas. Se asiste a una in\u00e9dita institucionalizaci\u00f3n de la crueldad como pol\u00edtica p\u00fablica expl\u00edcita y sistem\u00e1tica. Colectivos vulnerados y agredidos, tales como las personas con discapacidad, los jubilados, los trabajadores del sector p\u00fablico, los cient\u00edficos y el sistema universitario, son sometidos de forma cotidiana al despojo progresivo de sus derechos conquistados y a un agravio verbal constante emitido desde las m\u00e1s altas magistraturas.<\/p>\n<p>El <strong><em>horribilismo<\/em><\/strong> trasciende el mero c\u00e1lculo t\u00e1ctico del malismo: a\u00f1ade el regodeo y el orgullo expl\u00edcito de gobernar a partir del resentimiento. Dentro de esta matriz ideol\u00f3gica, la empat\u00eda hacia el pr\u00f3jimo y la solidaridad social dejan de ser vistas como virtudes republicanas para ser estigmatizadas como anomal\u00edas o delitos de Estado. Su objetivo declaratorio ya no se limita a la provocaci\u00f3n, sino que persigue la demolici\u00f3n met\u00f3dica del bienestar com\u00fan, transformando el sufrimiento social en el par\u00e1metro fundamental de su validaci\u00f3n pol\u00edtica.<\/p>\n<p>Esto, crease o no, ocurre en nuestro pais argentino.<\/p>\n<p><a href=\"#_ftnref1\" name=\"_ftn1\">[1]<\/a> Soiree: Fiesta o reuni\u00f3n nocturna.<\/p>\n","protected":false},"excerpt":{"rendered":"<p>Publicado en P\u00e1gina 12 &nbsp; \u00a0En el a\u00f1o 2024, el artista espa\u00f1ol Mauro Entrialgo public\u00f3 un libro titulado Malismo: La ostentaci\u00f3n del mal como propaganda. Contrariamente a lo que puede suponerse, el t\u00e9rmino acu\u00f1ado no opera gramaticalmente como un adjetivo. Se trata, en rigor, de un sustantivo masculino, com\u00fan y abstracto que, al amalgamar la [&hellip;]<\/p>\n","protected":false},"author":4,"featured_media":2333,"comment_status":"open","ping_status":"open","sticky":false,"template":"","format":"standard","meta":{"footnotes":""},"categories":[12],"tags":[949,948,950],"class_list":["post-2332","post","type-post","status-publish","format-standard","has-post-thumbnail","hentry","category-politica","tag-horribilismo","tag-malimo","tag-malismo"],"blocksy_meta":[],"_links":{"self":[{"href":"https:\/\/blogdeosvaldonemirovsci.com.ar\/index.php?rest_route=\/wp\/v2\/posts\/2332","targetHints":{"allow":["GET"]}}],"collection":[{"href":"https:\/\/blogdeosvaldonemirovsci.com.ar\/index.php?rest_route=\/wp\/v2\/posts"}],"about":[{"href":"https:\/\/blogdeosvaldonemirovsci.com.ar\/index.php?rest_route=\/wp\/v2\/types\/post"}],"author":[{"embeddable":true,"href":"https:\/\/blogdeosvaldonemirovsci.com.ar\/index.php?rest_route=\/wp\/v2\/users\/4"}],"replies":[{"embeddable":true,"href":"https:\/\/blogdeosvaldonemirovsci.com.ar\/index.php?rest_route=%2Fwp%2Fv2%2Fcomments&post=2332"}],"version-history":[{"count":1,"href":"https:\/\/blogdeosvaldonemirovsci.com.ar\/index.php?rest_route=\/wp\/v2\/posts\/2332\/revisions"}],"predecessor-version":[{"id":2334,"href":"https:\/\/blogdeosvaldonemirovsci.com.ar\/index.php?rest_route=\/wp\/v2\/posts\/2332\/revisions\/2334"}],"wp:featuredmedia":[{"embeddable":true,"href":"https:\/\/blogdeosvaldonemirovsci.com.ar\/index.php?rest_route=\/wp\/v2\/media\/2333"}],"wp:attachment":[{"href":"https:\/\/blogdeosvaldonemirovsci.com.ar\/index.php?rest_route=%2Fwp%2Fv2%2Fmedia&parent=2332"}],"wp:term":[{"taxonomy":"category","embeddable":true,"href":"https:\/\/blogdeosvaldonemirovsci.com.ar\/index.php?rest_route=%2Fwp%2Fv2%2Fcategories&post=2332"},{"taxonomy":"post_tag","embeddable":true,"href":"https:\/\/blogdeosvaldonemirovsci.com.ar\/index.php?rest_route=%2Fwp%2Fv2%2Ftags&post=2332"}],"curies":[{"name":"wp","href":"https:\/\/api.w.org\/{rel}","templated":true}]}}