{"id":2164,"date":"2025-10-16T20:31:25","date_gmt":"2025-10-16T20:31:25","guid":{"rendered":"https:\/\/blogdeosvaldonemirovsci.com.ar\/?p=2164"},"modified":"2025-10-18T20:34:20","modified_gmt":"2025-10-18T20:34:20","slug":"el-alborear-de-las-broncas","status":"publish","type":"post","link":"https:\/\/blogdeosvaldonemirovsci.com.ar\/?p=2164","title":{"rendered":"El alborear de las broncas"},"content":{"rendered":"<p><a href=\"https:\/\/www.pagina12.com.ar\/866301-el-alborear-de-las-broncas\">Publicado en P\u00e1gina 12<\/a><\/p>\n<p>&nbsp;<\/p>\n<p><strong><em>\u201cBronca cuando a plena luz del d\u00eda<\/em><\/strong><strong><em><br \/>\nSacan a pasear su hipocres\u00eda<br \/>\nBronca de la brava, de la m\u00eda<\/em><\/strong>\u201d \u2013 <em>Miguel Cantilo<\/em><\/p>\n<p>&nbsp;<\/p>\n<p>Trump a Milei: \u201c<em>Estamos ac\u00e1 para darte apoyo en las elecciones. Nuestros acuerdos est\u00e1n sujetos a quien gane.\u201d\u201dNo seremos generosos con Argentina si no gana Milei\u201d<\/em><\/p>\n<p><strong>El lenguaje de la dominaci\u00f3n no solo reside en quien lo pronuncia, sino tambi\u00e9n en quien lo recibe con entusiasmo servil, celebrando al emisor.<\/strong><\/p>\n<p><em>\u00abEstados Unidos pide a los gobernadores y los bloques del Congreso que sostengan a Milei<\/em>\u00ab.<\/p>\n<p>Supera el famoso y repudiado Pacto Roca-Runciman. Supera las \u201crelaciones carnales\u201d. Ya no es el FMI condicionando la pol\u00edtica econ\u00f3mica sino que es EEUU, con su formalidad de pais, quien pasa a definir aspectos claves de nuestra soberan\u00eda de gesti\u00f3n.<\/p>\n<p>Ya no se discute siquiera con la l\u00f3gica distancia entre una superpotencia y un pais de los considerados perif\u00e9rico.\u00a0 <strong>Ahora se implora, se ruega sin verg\u00fcenza a la humillaci\u00f3n, se bajan los lienzos sin fijarse que tienen los calzoncillos sucios, \u201cse cuidan los zapatos, andando de rodillas\u201d<\/strong> como bien dice aquel tango de Stamponi y Homero Exp\u00f3sito.<\/p>\n<p>Ahora se escucha una sola voz. La de Trump y el coro de sus funcionarios. <em>La voz argentina, solo es en un programa de TV, que no se ve en Washington.<\/em><\/p>\n<p>Para contener el valor del d\u00f3lar, como si ese \u00fanico dato de la macro sea la cima de una m\u00e1gica monta\u00f1a, los EEUU introducen su moneda en el mercado nacional y compran pesos. A la vista de todos, distorsionan la pol\u00edtica econ\u00f3mica argentina ya que perjudican, y mucho, a quienes quieran exportar.<\/p>\n<p>Piden que se rompa con China. Un pais extranjero fija la pol\u00edtica internacional de Argentina. <em>El canciller Werthein, el ol\u00edmpico del fracaso, se mira sus lustrados zapatos mientras Trump da las \u00f3rdenes que \u00e9l, Milei y Caputo deber\u00e1n obedecer.<\/em><\/p>\n<p>Est\u00e1 claro que nuestro pais, <strong>hoy<\/strong>, \u00a0se maneja con mejor orden desde el sector externo y entonces, contar con d\u00f3lares es vital. Se puede lograr mediante venta al exterior de conocimiento y tecnol\u00f3gicas, que ya suman mucho valor a la exportaci\u00f3n argentina. Tambi\u00e9n ampliando la frontera agropecuaria, tambi\u00e9n produciendo con acertada planificaci\u00f3n bienes y servicios \u00fatiles para nuestra gente y con excedente exportable.<\/p>\n<p>Todas estas son formas para que ingresen d\u00f3lares. Para que esto ocurra debe existir un Estado funcionando con signos de vitalidad y sinergia con el sector privado y lo que hoy existe es un \u201ctopo destructor\u201d que desde la presidencia de la Naci\u00f3n, se ocupa dio a d\u00eda de ir demoliendo instrumentos estatales que podr\u00edan posibilitar ese virtuoso camino. Entonces acuden al \u201cmangueo\u201d, a la mendicidad degradante y a que fondos privados y p\u00fablicos de los EEUU penetren en las ruedas del mercado de cambio para sostener artificialmente la baja del d\u00f3lar.<\/p>\n<p>E incluso, aquel espacio social conocido como \u201cla oligarqu\u00eda\u201d agr\u00edcola ganadera ha tenido, en ocasiones, comportamientos\u00a0 auton\u00f3micos ante EEUU, \u00a0y no siempre fueron buenas las relaciones, en virtud de competencia de producci\u00f3n. Ni eso es capaz este gobierno. Hoy abandonan toda postura digna, normal y l\u00f3gica de acumulaci\u00f3n de divisas.<\/p>\n<p>Milei, Caputo y Werthein son la cara actual de la verg\u00fcenza pol\u00edtica. De la deshonra.<\/p>\n<p>Podemos criticar gobiernos anteriores, sin duda y no faltan ejemplos de mal manejo p\u00fablico, pero esto supera todo.<\/p>\n<p>Agotaron lo que entr\u00f3 por el blanqueo, lo que vendieron las cerealeras, el primer desembolso del FMI, el super\u00e1vit comercial. Rifaron y se jugaron todos los d\u00f3lares que se hab\u00edan juntado. Son incapaces a la par que devastadores seriales de fondos p\u00fablicos.<\/p>\n<p>Y no todo es plata. EEUU fija la agenda argentina en temas cient\u00edficos, nucleares y tecnol\u00f3gicos de acuerdo a sus intereses. Ya conocemos eso, desde que se abandon\u00f3 el desarrollo en torno al C\u00f3ndor, el programa de misiles bal\u00edsticos de la Fuerza A\u00e9rea Argentina y en su versi\u00f3n actual, con el Carem proyecto de un reactor modular de baja potencia. Si no le sirve a EEUU \u00a1A la basura!<\/p>\n<p>Y avanzan m\u00e1s y m\u00e1s, y nuestros gobernantes ceden m\u00e1s y m\u00e1s. Van a pedir por el 5 G y obtendr\u00e1n lo que quieren. Van a mentir con una inversi\u00f3n de 25.000 millones de d\u00f3lares para la Inteligencia Artificial\u00a0 (el costo de un data center inmenso y poderoso, no pasa de los 5 mil millones por ej Microsoft en EEUU) y ya est\u00e1n corriendo a darles tierras en la Patagonia.<\/p>\n<p><strong>El 26 de octubre algo de esto puede modificarse<\/strong>. Si la contundencia de la voz popular, de las multitudes electorales, se pronuncian no acompa\u00f1ando a Milei y sus candidatos, ser\u00e1 una retumbante voz de oxigeno nacional. Ser\u00e1 la inequ\u00edvoca se\u00f1al de que hay que modificar el rumbo.<\/p>\n<p>En \u201c<em>Sufragio y Representaci\u00f3n Pol\u00edtica\u201d (1963<strong>) Carlos Fay<\/strong>t <\/em>sostiene que \u201c<em>las elecciones son algo m\u00e1s que una t\u00e9cnica para la designaci\u00f3n de las autoridades de la Naci\u00f3n\u201d<\/em> y agrega que estas adquieren el <em>\u201csentido de una consulta a la opini\u00f3n y voluntad popular, un medio a trav\u00e9s del <strong>cual el cuerpo electoral expresa su pensamiento sobre la conducci\u00f3n del Estado\u201d.<\/strong><\/em><\/p>\n<p>Pocas afirmaciones de tipo pol\u00edtico\/jur\u00eddicas\/electorales contienen un concepto de tanto<\/p>\n<p>respeto por la famosa \u201cvoluntad popular\u201d que se expresa f\u00e1ctica y concretamente mediante la<\/p>\n<p>utilizaci\u00f3n del voto. Y, ah\u00ed, tambi\u00e9n se expresa el poder.<\/p>\n<p>Por eso el 26, ya nom\u00e1s, es importante.<\/p>\n<p><em>El poder, ese casquivano verbo, que tanto entusiasma y atrae, est\u00e1 en disputa.<\/em><\/p>\n<p><strong><em>Cuando miles o millones de personas se cansan de susurrar malestares y quieren gritarlos, lo gritan. O lo votan.<\/em><\/strong><\/p>\n","protected":false},"excerpt":{"rendered":"<p>Publicado en P\u00e1gina 12 &nbsp; \u201cBronca cuando a plena luz del d\u00eda Sacan a pasear su hipocres\u00eda Bronca de la brava, de la m\u00eda\u201d \u2013 Miguel Cantilo &nbsp; Trump a Milei: \u201cEstamos ac\u00e1 para darte apoyo en las elecciones. Nuestros acuerdos est\u00e1n sujetos a quien gane.\u201d\u201dNo seremos generosos con Argentina si no gana Milei\u201d El [&hellip;]<\/p>\n","protected":false},"author":4,"featured_media":2165,"comment_status":"open","ping_status":"open","sticky":false,"template":"","format":"standard","meta":{"footnotes":""},"categories":[12],"tags":[859,860,861],"class_list":["post-2164","post","type-post","status-publish","format-standard","has-post-thumbnail","hentry","category-politica","tag-alborear","tag-broncas","tag-dominacion"],"blocksy_meta":[],"_links":{"self":[{"href":"https:\/\/blogdeosvaldonemirovsci.com.ar\/index.php?rest_route=\/wp\/v2\/posts\/2164","targetHints":{"allow":["GET"]}}],"collection":[{"href":"https:\/\/blogdeosvaldonemirovsci.com.ar\/index.php?rest_route=\/wp\/v2\/posts"}],"about":[{"href":"https:\/\/blogdeosvaldonemirovsci.com.ar\/index.php?rest_route=\/wp\/v2\/types\/post"}],"author":[{"embeddable":true,"href":"https:\/\/blogdeosvaldonemirovsci.com.ar\/index.php?rest_route=\/wp\/v2\/users\/4"}],"replies":[{"embeddable":true,"href":"https:\/\/blogdeosvaldonemirovsci.com.ar\/index.php?rest_route=%2Fwp%2Fv2%2Fcomments&post=2164"}],"version-history":[{"count":1,"href":"https:\/\/blogdeosvaldonemirovsci.com.ar\/index.php?rest_route=\/wp\/v2\/posts\/2164\/revisions"}],"predecessor-version":[{"id":2166,"href":"https:\/\/blogdeosvaldonemirovsci.com.ar\/index.php?rest_route=\/wp\/v2\/posts\/2164\/revisions\/2166"}],"wp:featuredmedia":[{"embeddable":true,"href":"https:\/\/blogdeosvaldonemirovsci.com.ar\/index.php?rest_route=\/wp\/v2\/media\/2165"}],"wp:attachment":[{"href":"https:\/\/blogdeosvaldonemirovsci.com.ar\/index.php?rest_route=%2Fwp%2Fv2%2Fmedia&parent=2164"}],"wp:term":[{"taxonomy":"category","embeddable":true,"href":"https:\/\/blogdeosvaldonemirovsci.com.ar\/index.php?rest_route=%2Fwp%2Fv2%2Fcategories&post=2164"},{"taxonomy":"post_tag","embeddable":true,"href":"https:\/\/blogdeosvaldonemirovsci.com.ar\/index.php?rest_route=%2Fwp%2Fv2%2Ftags&post=2164"}],"curies":[{"name":"wp","href":"https:\/\/api.w.org\/{rel}","templated":true}]}}