{"id":2155,"date":"2025-10-11T12:12:10","date_gmt":"2025-10-11T12:12:10","guid":{"rendered":"https:\/\/blogdeosvaldonemirovsci.com.ar\/?p=2155"},"modified":"2025-10-14T19:16:18","modified_gmt":"2025-10-14T19:16:18","slug":"hablo-el-papa-leon-xiv-y-dijo-mucho","status":"publish","type":"post","link":"https:\/\/blogdeosvaldonemirovsci.com.ar\/?p=2155","title":{"rendered":"Habl\u00f3 el Papa Le\u00f3n XIV, y dijo mucho"},"content":{"rendered":"<p><a href=\"https:\/\/t.co\/xXGMaMORy8\">Publicado en diario La Palabra de Viedma<\/a><\/p>\n<p>&nbsp;<\/p>\n<p><a href=\"https:\/\/www.infobae.com\/deportes\/2025\/10\/14\/hizo-inferiores-en-argentina-es-el-maximo-goleador-de-puerto-rico-y-se-ilusiona-con-el-partido-frente-a-la-scaloneta-sera-historico\/\">Publicado en Infobae<\/a><\/p>\n<p>&nbsp;<\/p>\n<p><a href=\"https:\/\/esferacomunicacional.ar\/hablo-el-papa-leon-xiv-y-dijo-mucho\/\">Publicado en el portal Esfera Cominicacional<\/a><\/p>\n<p>&nbsp;<\/p>\n<p><a href=\"https:\/\/infobariloche.com.ar\/politica\/24-rio-negro\/30844-dilexit-te-el-llamado-del-papa-le%C3%B3n-xiv-a-una-econom%C3%ADa-con-rostro-humano.html\">Publicado en InfoBariloche<\/a><\/p>\n<p>&nbsp;<\/p>\n<p><a href=\"https:\/\/www.eltribuno.com\/opiniones\/2025-10-13-0-0-0-hablo-el-papa-leon-xiv-y-dijo-mucho\">Publicado en dirio El Tribuno, Salta<\/a><\/p>\n<p>&nbsp;<\/p>\n<p><strong><em>\u00a0<\/em><\/strong>Con un templado mensaje de esperanza y compromiso, a pesar del fuerte tono cr\u00edtico, \u00a0el Papa Le\u00f3n XIV ha irrumpido en el escenario global con una voz clara, prof\u00e9tica y profundamente humana. En su primera exhortaci\u00f3n apost\u00f3lica, titulada Dilexit Te \u2014\u201cTe am\u00f3\u201d\u2014, el Pont\u00edfice, heredero del legado de Le\u00f3n XIII y de Francisco, alza un grito vibrante en defensa de los pobres, denunciando con firmeza \u201c<strong><em>la dictadura de una econom\u00eda que mata\u201d<\/em><\/strong>.<\/p>\n<p>Este documento, de una densidad teol\u00f3gica y una agudeza social incomparables, no solo reafirma la opci\u00f3n preferencial, hoy, de la Iglesia, por los m\u00e1s vulnerados, sino que interpela a la conciencia colectiva con una urgencia que no admite demoras.<\/p>\n<p>En Dilexit Te, Le\u00f3n XIV articula una cr\u00edtica contundente a los sistemas pol\u00edticos y econ\u00f3micos que, en su af\u00e1n de perpetuar el poder de las \u00e9lites, ignoran el clamor de los despose\u00eddos. \u201c<strong><em>Dios opta por los pobres<\/em><\/strong>\u201d, proclama, recordando que la propiedad tiene una funci\u00f3n social ineludible y que la indiferencia ante el sufrimiento ajeno es un pecado contra la dignidad humana. Con una prosa erudita pero accesible, el Papa desmonta las teor\u00edas que justifican la desigualdad como un mal inevitable<strong><em>: \u201cAunque algunos insisten en que las fuerzas invisibles del mercado resolver\u00e1n todo, la dignidad de cada persona debe ser respetada ahora, no ma\u00f1ana\u201d.<\/em><\/strong> Esta sentencia, cargada de un sentido \u00e9tico universal, resuena como un mandato para quienes se han acostumbrado a mirar hacia otro lado. El texto, que bebe de la sensibilidad social de Francisco y de los \u00faltimos escritos que este preparaba antes de su partida, no se limita a un diagn\u00f3stico. Va m\u00e1s all\u00e1, al afirmar que <strong><em>\u201cen los pobres y sufrientes se revela el mismo coraz\u00f3n de Cristo\u201d<\/em><\/strong>. Esta certeza teol\u00f3gica, que trasciende lo doctrinal para anclarse en lo humano, se complementa con una denuncia implacable: en un mundo donde la pobreza se multiplica, las \u00e9lites se refugian en \u201cburbujas de lujo\u201d que las a\u00edslan de la realidad de las mayor\u00edas.<\/p>\n<p>Le\u00f3n XIV no titubea al calificar estos sistemas de \u201cinjustos\u201d y al se\u00f1alar que <strong><em>la pobreza no es un capricho del destino ni una elecci\u00f3n personal, sino el resultado de estructuras que perpet\u00faan la exclusi\u00f3n. \u201cHay quienes, con ceguera y crueldad, a\u00fan se atreven a negarlo\u201d, <\/em><\/strong>sentencia, apuntando a los \u201cprejuicios ideol\u00f3gicos\u201d que normalizan el abandono social. La exhortaci\u00f3n, enviada personalmente a m\u00e1s de cinco mil obispos, sacerdotes y Hermanos en Cristo, no es solo un documento; es un manifiesto que une teolog\u00eda, pol\u00edtica, sociolog\u00eda, sentido de justicia social, evangelio, catequesis y filosof\u00eda en una s\u00edntesis virtuosa. Su claridad y sensibilidad social despiertan una inmensa satisfacci\u00f3n, especialmente en quienes ven en estas palabras un eco del Evangelio y un llamado a la acci\u00f3n. Y, desde ya, para quien esta nota escribe, es un auspicioso debut doctrinario y teologal del Papa.<\/p>\n<p>Para la clase pol\u00edtica, en Argentina y m\u00e1s all\u00e1, para todos los pol\u00edticos que gestionan, en el mundo, Dilexit Te es un desaf\u00edo ineludible: un recordatorio de que gobernar es servir, especialmente a los m\u00e1s necesitados.<\/p>\n<p>En un mundo fracturado por la desigualdad, la voz de Le\u00f3n XIV se alza como un faro, exigiendo justicia, humanidad y, sobre todo, un compromiso inquebrantable con la dignidad de las personas.<\/p>\n<p>&nbsp;<\/p>\n","protected":false},"excerpt":{"rendered":"<p>Publicado en diario La Palabra de Viedma &nbsp; Publicado en Infobae &nbsp; Publicado en el portal Esfera Cominicacional &nbsp; Publicado en InfoBariloche &nbsp; Publicado en dirio El Tribuno, Salta &nbsp; \u00a0Con un templado mensaje de esperanza y compromiso, a pesar del fuerte tono cr\u00edtico, \u00a0el Papa Le\u00f3n XIV ha irrumpido en el escenario global con [&hellip;]<\/p>\n","protected":false},"author":4,"featured_media":2153,"comment_status":"open","ping_status":"open","sticky":false,"template":"","format":"standard","meta":{"footnotes":""},"categories":[13,12],"tags":[857,855,854,856],"class_list":["post-2155","post","type-post","status-publish","format-standard","has-post-thumbnail","hentry","category-historia","category-politica","tag-dilexit-te","tag-el-papa","tag-leon-xiv","tag-mensajes"],"blocksy_meta":[],"_links":{"self":[{"href":"https:\/\/blogdeosvaldonemirovsci.com.ar\/index.php?rest_route=\/wp\/v2\/posts\/2155","targetHints":{"allow":["GET"]}}],"collection":[{"href":"https:\/\/blogdeosvaldonemirovsci.com.ar\/index.php?rest_route=\/wp\/v2\/posts"}],"about":[{"href":"https:\/\/blogdeosvaldonemirovsci.com.ar\/index.php?rest_route=\/wp\/v2\/types\/post"}],"author":[{"embeddable":true,"href":"https:\/\/blogdeosvaldonemirovsci.com.ar\/index.php?rest_route=\/wp\/v2\/users\/4"}],"replies":[{"embeddable":true,"href":"https:\/\/blogdeosvaldonemirovsci.com.ar\/index.php?rest_route=%2Fwp%2Fv2%2Fcomments&post=2155"}],"version-history":[{"count":3,"href":"https:\/\/blogdeosvaldonemirovsci.com.ar\/index.php?rest_route=\/wp\/v2\/posts\/2155\/revisions"}],"predecessor-version":[{"id":2158,"href":"https:\/\/blogdeosvaldonemirovsci.com.ar\/index.php?rest_route=\/wp\/v2\/posts\/2155\/revisions\/2158"}],"wp:featuredmedia":[{"embeddable":true,"href":"https:\/\/blogdeosvaldonemirovsci.com.ar\/index.php?rest_route=\/wp\/v2\/media\/2153"}],"wp:attachment":[{"href":"https:\/\/blogdeosvaldonemirovsci.com.ar\/index.php?rest_route=%2Fwp%2Fv2%2Fmedia&parent=2155"}],"wp:term":[{"taxonomy":"category","embeddable":true,"href":"https:\/\/blogdeosvaldonemirovsci.com.ar\/index.php?rest_route=%2Fwp%2Fv2%2Fcategories&post=2155"},{"taxonomy":"post_tag","embeddable":true,"href":"https:\/\/blogdeosvaldonemirovsci.com.ar\/index.php?rest_route=%2Fwp%2Fv2%2Ftags&post=2155"}],"curies":[{"name":"wp","href":"https:\/\/api.w.org\/{rel}","templated":true}]}}