{"id":2138,"date":"2025-09-26T09:14:28","date_gmt":"2025-09-26T09:14:28","guid":{"rendered":"https:\/\/blogdeosvaldonemirovsci.com.ar\/?p=2138"},"modified":"2025-09-26T18:40:27","modified_gmt":"2025-09-26T18:40:27","slug":"el-privilegio-de-los-privilegiados-una-constante-de-milei-como-presidente","status":"publish","type":"post","link":"https:\/\/blogdeosvaldonemirovsci.com.ar\/?p=2138","title":{"rendered":"El privilegio de los privilegiados, una constante de Milei como presidente"},"content":{"rendered":"<p><a href=\"https:\/\/www.perfil.com\/noticias\/opinion\/el-mileismo-y-el-privilegio-de-los-privilegiados.phtml\">Publicado por Perfil<\/a><\/p>\n<p><a href=\"https:\/\/esferacomunicacional.ar\/privilegiar-a-los-privilegiados-una-constante-de-milei-como-presidente\/\">Publicado en el portal Esfera Comunicacional<\/a><\/p>\n<p>&nbsp;<\/p>\n<p>&nbsp;<\/p>\n<p>El debate sobre los derechos de exportaci\u00f3n, las retenciones, merece un an\u00e1lisis serio y riguroso, y<br \/>\nya habr\u00e1 momento de analizar si se suben, se bajan o se eliminan, pero hoy nos detendremos en<br \/>\nun aspecto puntual que revela las prioridades del actual gobierno.<br \/>\nLa decisi\u00f3n de eliminar este impuesto, presentada como una medida para dinamizar la econom\u00eda<br \/>\n(y que en verdad solo busca una veloz recaudaci\u00f3n para paliar la debacle que el gobierno tiene con<br \/>\nla escases de d\u00f3lares) posee un impacto fiscal que no puede pasarse por alto: seg\u00fan estimaciones,<br \/>\nla merma en la recaudaci\u00f3n alcanza hasta un 0,25% del Producto Bruto Interno (PBI). Esta cifra,<br \/>\nque podr\u00eda parecer modesta a simple vista, adquiere una dimensi\u00f3n cr\u00edtica cuando se la compara<br \/>\ncon los montos destinados a proyectos de presupuesto universitario y pedi\u00e1trico, recientemente<br \/>\nvetados por el presidente Javier Milei bajo el argumento de que &amp;quot;no hay plata&amp;quot;. Es, la misma cantidad que se precisa en el presupuesto educativo y para el Garrahan. La misma.<br \/>\nLa inconsistencia de este discurso salta a la vista. No se trata de una mera cuesti\u00f3n de recursos<br \/>\nescasos, sino de una clara elecci\u00f3n pol\u00edtica. El gobierno, Milei y Caputo, eligen otras prioridades,<br \/>\nque no pasan por la salud ni la educaci\u00f3n. Clarito como el agua clara.<br \/>\nMientras se argumenta la falta de fondos para financiar la educaci\u00f3n p\u00fablica y la salud infantil,<br \/>\ncimientos primordiales de cualquier sociedad que aspire a la equidad, se opta por desgravar<br \/>\nfiscalmente a los sectores m\u00e1s concentrados y privilegiados del agro.<br \/>\nEste sector, compuesto principalmente por grandes empresas y propietarios con capacidad<br \/>\necon\u00f3mica para acopiar cosechas sin venderlas, es el que hoy se beneficia directamente de esta<br \/>\nmedida.<br \/>\nEs bueno aclarar que no todos los productores agr\u00edcolas est\u00e1n en igualdad de condiciones para<br \/>\naprovechar esta quita de retenciones. Los peque\u00f1os y medianos chacareros, como los<br \/>\nrepresentados por la Federaci\u00f3n Agraria Argentina, no cuentan con la &amp;quot;espalda&amp;quot; financiera para<br \/>\nalmacenar sus cosechas durante meses. En la mayor\u00eda de los casos, estos productores ya vendieron<br \/>\nsu producci\u00f3n hace tiempo, a precios que no reflejan el beneficio actual de la eliminaci\u00f3n de las<br \/>\nretenciones. Por lo tanto, la medida no solo no los favorece, sino que profundiza las desigualdades<br \/>\ndentro del propio sector agropecuario, dejando en evidencia qui\u00e9nes son los verdaderos<br \/>\nganadores de esta pol\u00edtica.<br \/>\nEste no es un hecho aislado, sino una constante en las decisiones del gobierno libertario<br \/>\nencabezado por Milei. La ret\u00f3rica de la &amp;quot;libertad&amp;quot; y la &amp;quot;austeridad&amp;quot; parece aplicarse<br \/>\nselectivamente, favoreciendo a los sectores de mayor poder econ\u00f3mico mientras se desatienden<br \/>\nnecesidades b\u00e1sicas de la poblaci\u00f3n. La educaci\u00f3n, la salud y el bienestar de las mayor\u00edas quedan<br \/>\nrelegados frente a los intereses de una \u201ccrema social\u201d que, lejos de necesitar incentivos fiscales, ya<br \/>\nconcentra una porci\u00f3n significativa de la riqueza nacional.<br \/>\nLa eliminaci\u00f3n de las retenciones no es, como se pretende mostrar, una medida neutral para<br \/>\nimpulsar la econom\u00eda, sino una decisi\u00f3n pol\u00edtica que refleja una visi\u00f3n de pa\u00eds.<br \/>\nUn pa\u00eds donde las prioridades no est\u00e1n puestas en la justicia social ni en el desarrollo inclusivo,<br \/>\nsino en la consolidaci\u00f3n de los privilegios de quienes menos lo necesitan. Esta medida,<br \/>\npreocupante, por las se\u00f1ales inquietantes que deja, nos invita a reflexionar: \u00bfqu\u00e9 Argentina necesitamos construir? \u00bfUna que priorice a las mayor\u00edas o una que perpet\u00fae las desigualdades<br \/>\nbajo el disfraz de la libertad?<br \/>\nLa respuesta, al menos por ahora, parece estar clara en las acciones del gobierno.<br \/>\nEllos eligen: Privilegiar a los privilegiados<\/p>\n","protected":false},"excerpt":{"rendered":"<p>Publicado por Perfil Publicado en el portal Esfera Comunicacional &nbsp; &nbsp; El debate sobre los derechos de exportaci\u00f3n, las retenciones, merece un an\u00e1lisis serio y riguroso, y ya habr\u00e1 momento de analizar si se suben, se bajan o se eliminan, pero hoy nos detendremos en un aspecto puntual que revela las prioridades del actual gobierno. [&hellip;]<\/p>\n","protected":false},"author":4,"featured_media":2139,"comment_status":"open","ping_status":"open","sticky":false,"template":"","format":"standard","meta":{"footnotes":""},"categories":[12],"tags":[849,848,847],"class_list":["post-2138","post","type-post","status-publish","format-standard","has-post-thumbnail","hentry","category-politica","tag-privilegiados","tag-privilegios","tag-retenciones"],"blocksy_meta":[],"_links":{"self":[{"href":"https:\/\/blogdeosvaldonemirovsci.com.ar\/index.php?rest_route=\/wp\/v2\/posts\/2138","targetHints":{"allow":["GET"]}}],"collection":[{"href":"https:\/\/blogdeosvaldonemirovsci.com.ar\/index.php?rest_route=\/wp\/v2\/posts"}],"about":[{"href":"https:\/\/blogdeosvaldonemirovsci.com.ar\/index.php?rest_route=\/wp\/v2\/types\/post"}],"author":[{"embeddable":true,"href":"https:\/\/blogdeosvaldonemirovsci.com.ar\/index.php?rest_route=\/wp\/v2\/users\/4"}],"replies":[{"embeddable":true,"href":"https:\/\/blogdeosvaldonemirovsci.com.ar\/index.php?rest_route=%2Fwp%2Fv2%2Fcomments&post=2138"}],"version-history":[{"count":2,"href":"https:\/\/blogdeosvaldonemirovsci.com.ar\/index.php?rest_route=\/wp\/v2\/posts\/2138\/revisions"}],"predecessor-version":[{"id":2142,"href":"https:\/\/blogdeosvaldonemirovsci.com.ar\/index.php?rest_route=\/wp\/v2\/posts\/2138\/revisions\/2142"}],"wp:featuredmedia":[{"embeddable":true,"href":"https:\/\/blogdeosvaldonemirovsci.com.ar\/index.php?rest_route=\/wp\/v2\/media\/2139"}],"wp:attachment":[{"href":"https:\/\/blogdeosvaldonemirovsci.com.ar\/index.php?rest_route=%2Fwp%2Fv2%2Fmedia&parent=2138"}],"wp:term":[{"taxonomy":"category","embeddable":true,"href":"https:\/\/blogdeosvaldonemirovsci.com.ar\/index.php?rest_route=%2Fwp%2Fv2%2Fcategories&post=2138"},{"taxonomy":"post_tag","embeddable":true,"href":"https:\/\/blogdeosvaldonemirovsci.com.ar\/index.php?rest_route=%2Fwp%2Fv2%2Ftags&post=2138"}],"curies":[{"name":"wp","href":"https:\/\/api.w.org\/{rel}","templated":true}]}}