{"id":2126,"date":"2025-09-03T13:19:53","date_gmt":"2025-09-03T13:19:53","guid":{"rendered":"https:\/\/blogdeosvaldonemirovsci.com.ar\/?p=2126"},"modified":"2025-11-27T15:29:46","modified_gmt":"2025-11-27T15:29:46","slug":"guantanamera-guajira-guantanamera-ponele-la-letra-que-mas-te-agrade","status":"publish","type":"post","link":"https:\/\/blogdeosvaldonemirovsci.com.ar\/?p=2126","title":{"rendered":"Guantanamera, guajira guantanamera&#8230;  (ponele la letra que m\u00e1s te agrade\u2026)"},"content":{"rendered":"<p><a href=\"https:\/\/www.lapoliticaonline.com\/osvaldo-mario-nemirovsci\/325809\/\">Publicada en LPO<\/a><\/p>\n<p>&nbsp;<\/p>\n<p>&nbsp;<\/p>\n<p>Si el precio de una supuesta estabilidad macroecon\u00f3mica, m\u00e1s ilusoria que tangible, implica ceder progresivamente las libertades civiles y los derechos fundamentales que sostienen la justicia, <strong><em><u>yo digo: no, gracias<\/u><\/em><\/strong>.<\/p>\n<p>Y estoy convencido de que millones de argentinos comparten esa postura. Recuperar derechos y libertades, no fue un camino sencillo. Cost\u00f3 d\u00e9cadas superar los ecos de mandatos autoritarios, las represiones que se asum\u00edan como normales, las censuras descaradas y toleradas, las persecuciones y los ataques a las libertades esenciales que cualquier sociedad deber\u00eda defender como innegociables.<\/p>\n<p>Nos llev\u00f3 a\u00f1os comprender que la calidad de vida no se mide solo en \u00edndices econ\u00f3micos, sino tambi\u00e9n en el grado de libertad con el que una comunidad puede respirar, expresarse y existir.<\/p>\n<p><strong><em>No todo es mercado. No todo se reduce a n\u00fameros, a d\u00e9bitos y cr\u00e9ditos. Hay cosas que no se venden ni se compran<\/em><\/strong>: la dignidad, el derecho a la verdad, la libertad de expresi\u00f3n.<\/p>\n<p>Sin embargo, hoy nos enfrentamos a un retroceso alarmante. El juez Maraniello, con un fallo que no admite el calificativo de pol\u00e9mico porque es abiertamente anticonstitucional, ha prohibido la difusi\u00f3n p\u00fablica de audios que involucran a la hermana del presidente. No hay \u00e1ngulo del derecho positivo que justifique esta decisi\u00f3n; es un acto que desaf\u00eda la l\u00f3gica jur\u00eddica y el principio de supremac\u00eda constitucional. Lo que agrava este escenario es el historial del juez.<\/p>\n<p>Maraniello enfrenta ocho denuncias en su contra, cinco de ellas por acoso sexual. \u00bfC\u00f3mo puede alguien con semejante carga \u00e9tica y moral pretender impartir justicia? \u00bfC\u00f3mo puede un magistrado, cuya serenidad an\u00edmica y espiritual deber\u00eda ser intachable, emitir fallos que respeten los pilares del derecho si su propia conducta est\u00e1 bajo sospecha? Es una contradicci\u00f3n insostenible que un juez con tales antecedentes sea el instrumento de un mandato que coarta libertades fundamentales. Este gobierno, que no escatima en conductas cuestionables, encuentra en un juez de similares caracter\u00edsticas un aliado perfecto para imponer la censura. <strong><em>No es casualidad<\/em><\/strong>. Un sistema que opera al borde de la legalidad se siente c\u00f3modo respald\u00e1ndose en figuras judiciales cuya integridad est\u00e1 en entredicho. <strong><em>La censura, disfrazada de mandato legal, regresa con una fuerza que cre\u00edamos superada<\/em><\/strong>. Y eso, en una sociedad que ha luchado tanto por sus derechos, es simplemente intolerable. La libertad de expresi\u00f3n no es un lujo, es un pilar. Prohibir la difusi\u00f3n de informaci\u00f3n relevante, especialmente cuando involucra a figuras cercanas al poder, no solo vulnera la Constituci\u00f3n, sino que socava la confianza en las instituciones. No podemos permitir que el equilibrio econ\u00f3mico, si es que existe, sea la excusa para sacrificar lo que tanto cost\u00f3 conquistar. La historia argentina nos ense\u00f1a que la libertad no se negocia. Cada paso atr\u00e1s, cada derecho cedido, es un retroceso hacia tiempos que juramos dejar atr\u00e1s. Hoy, m\u00e1s que nunca, debemos alzar la voz y rechazar la censura.<\/p>\n","protected":false},"excerpt":{"rendered":"<p>Publicada en LPO &nbsp; &nbsp; Si el precio de una supuesta estabilidad macroecon\u00f3mica, m\u00e1s ilusoria que tangible, implica ceder progresivamente las libertades civiles y los derechos fundamentales que sostienen la justicia, yo digo: no, gracias. Y estoy convencido de que millones de argentinos comparten esa postura. Recuperar derechos y libertades, no fue un camino sencillo. [&hellip;]<\/p>\n","protected":false},"author":4,"featured_media":2191,"comment_status":"open","ping_status":"open","sticky":false,"template":"","format":"standard","meta":{"footnotes":""},"categories":[12],"tags":[841,842,268],"class_list":["post-2126","post","type-post","status-publish","format-standard","has-post-thumbnail","hentry","category-politica","tag-guantanamera","tag-maraniello","tag-mercado"],"blocksy_meta":[],"_links":{"self":[{"href":"https:\/\/blogdeosvaldonemirovsci.com.ar\/index.php?rest_route=\/wp\/v2\/posts\/2126","targetHints":{"allow":["GET"]}}],"collection":[{"href":"https:\/\/blogdeosvaldonemirovsci.com.ar\/index.php?rest_route=\/wp\/v2\/posts"}],"about":[{"href":"https:\/\/blogdeosvaldonemirovsci.com.ar\/index.php?rest_route=\/wp\/v2\/types\/post"}],"author":[{"embeddable":true,"href":"https:\/\/blogdeosvaldonemirovsci.com.ar\/index.php?rest_route=\/wp\/v2\/users\/4"}],"replies":[{"embeddable":true,"href":"https:\/\/blogdeosvaldonemirovsci.com.ar\/index.php?rest_route=%2Fwp%2Fv2%2Fcomments&post=2126"}],"version-history":[{"count":1,"href":"https:\/\/blogdeosvaldonemirovsci.com.ar\/index.php?rest_route=\/wp\/v2\/posts\/2126\/revisions"}],"predecessor-version":[{"id":2127,"href":"https:\/\/blogdeosvaldonemirovsci.com.ar\/index.php?rest_route=\/wp\/v2\/posts\/2126\/revisions\/2127"}],"wp:featuredmedia":[{"embeddable":true,"href":"https:\/\/blogdeosvaldonemirovsci.com.ar\/index.php?rest_route=\/wp\/v2\/media\/2191"}],"wp:attachment":[{"href":"https:\/\/blogdeosvaldonemirovsci.com.ar\/index.php?rest_route=%2Fwp%2Fv2%2Fmedia&parent=2126"}],"wp:term":[{"taxonomy":"category","embeddable":true,"href":"https:\/\/blogdeosvaldonemirovsci.com.ar\/index.php?rest_route=%2Fwp%2Fv2%2Fcategories&post=2126"},{"taxonomy":"post_tag","embeddable":true,"href":"https:\/\/blogdeosvaldonemirovsci.com.ar\/index.php?rest_route=%2Fwp%2Fv2%2Ftags&post=2126"}],"curies":[{"name":"wp","href":"https:\/\/api.w.org\/{rel}","templated":true}]}}