{"id":1962,"date":"2025-04-14T12:15:02","date_gmt":"2025-04-14T12:15:02","guid":{"rendered":"https:\/\/blogdeosvaldonemirovsci.com.ar\/?p=1962"},"modified":"2025-04-14T12:15:11","modified_gmt":"2025-04-14T12:15:11","slug":"%f0%9d%97%9f%f0%9d%97%ae-%f0%9d%97%b2%f0%9d%97%b1%f0%9d%97%ae%f0%9d%97%b1-%f0%9d%97%bb%f0%9d%97%bc-%f0%9d%97%b0%f0%9d%97%bc%f0%9d%97%bb%f0%9d%97%b1%f0%9d%97%b6%f0%9d%97%b0%f0%9d%97%b6%f0%9d%97%bc","status":"publish","type":"post","link":"https:\/\/blogdeosvaldonemirovsci.com.ar\/?p=1962","title":{"rendered":"\ud835\udddf\ud835\uddee \ud835\uddf2\ud835\uddf1\ud835\uddee\ud835\uddf1 \ud835\uddfb\ud835\uddfc \ud835\uddf0\ud835\uddfc\ud835\uddfb\ud835\uddf1\ud835\uddf6\ud835\uddf0\ud835\uddf6\ud835\uddfc\ud835\uddfb\ud835\uddee \ud835\uddf9\ud835\uddee\ud835\ude00 \ud835\uddf6\ud835\uddf1\ud835\uddf2\ud835\uddee\ud835\ude00: \ud835\ude02\ud835\uddfb\ud835\uddee \ud835\uddff\ud835\uddf2\ud835\uddf3\ud835\uddf9\ud835\uddf2\ud835\ude05\ud835\uddf6\ud835\uddfc\u0301\ud835\uddfb \ud835\uddf1\ud835\uddf2\ud835\ude00\ud835\uddf1\ud835\uddf2 \ud835\uddf9\ud835\uddee \ud835\uddf2\ud835\ude05\ud835\uddfd\ud835\uddf2\ud835\uddff\ud835\uddf6\ud835\uddf2\ud835\uddfb\ud835\uddf0\ud835\uddf6\ud835\uddee"},"content":{"rendered":"<div dir=\"auto\">Publicado en redes<\/div>\n<div class=\"x11i5rnm xat24cr x1mh8g0r x1vvkbs xtlvy1s x126k92a\">\n<div dir=\"auto\"><\/div>\n<div dir=\"auto\">\u00bfEs la edad un l\u00edmite para las ideas? \u00a1No, y lo afirmo con rotunda convicci\u00f3n! El escenario pol\u00edtico actual desborda de juventudes: libertarios, opositores, peronistas, y tantos otros que, con sus pocos a\u00f1os, no siempre logran demostrar el m\u00e9rito que su generaci\u00f3n deber\u00eda portar. No es la juventud sin\u00f3nimo de virtud, como tampoco la experiencia es sin\u00f3nimo de obsolescencia.<\/div>\n<div dir=\"auto\">Quienes superamos los 65 a\u00f1os no estamos reclinados en el rinc\u00f3n de los recuerdos, ni mucho menos agotados. Nuestra generaci\u00f3n lleva en la piel una historia intensa, no siempre luminosa. Conocimos dolores profundos, f\u00edsicos y espirituales. Fuimos humillados en cuerpo y alma. Las fr\u00edas celdas de Devoto, Sierra Chica y otros penales a\u00fan resuenan en la memoria de quienes entregaron todo por la militancia peronista. La picana, el submarino, los simulacros de fusilamiento no son heridas que se borran f\u00e1cilmente. Pero esa memoria, aunque viva, no debe ser ancla. Guard\u00e9mosla en el alma, como un faro \u00edntimo, sin permitir que el pasado nos robe el futuro.<\/div>\n<div dir=\"auto\">Hoy, como ayer, clamamos en el desierto. Una, cien, mil veces, sin cansarnos. Damos valor a esos clamores, aunque la Tierra Prometida parezca distante. Como Mois\u00e9s, no tememos cruzar el desierto una y otra vez. No nos pesa si, en lo personal, no llegamos a pisar esa tierra so\u00f1ada. Sabemos que otros lo har\u00e1n, y nosotros habremos acompa\u00f1ado cada paso del camino.<\/div>\n<div dir=\"auto\">A los enemigos, a los adversarios, pero tambi\u00e9n a los aliados, les decimos con claridad: han intentado vencernos mil veces, pero no pueden con nosotros. Estamos, existimos y estaremos. Como advirti\u00f3 un general romano: \u201cMonemus vos immortales esse\u201d (les avisamos, somos inmortales).<\/div>\n<\/div>\n","protected":false},"excerpt":{"rendered":"<p>Publicado en redes \u00bfEs la edad un l\u00edmite para las ideas? \u00a1No, y lo afirmo con rotunda convicci\u00f3n! El escenario pol\u00edtico actual desborda de juventudes: libertarios, opositores, peronistas, y tantos otros que, con sus pocos a\u00f1os, no siempre logran demostrar el m\u00e9rito que su generaci\u00f3n deber\u00eda portar. No es la juventud sin\u00f3nimo de virtud, como [&hellip;]<\/p>\n","protected":false},"author":4,"featured_media":1963,"comment_status":"open","ping_status":"open","sticky":false,"template":"","format":"standard","meta":{"footnotes":""},"categories":[13,12],"tags":[762,763,764],"class_list":["post-1962","post","type-post","status-publish","format-standard","has-post-thumbnail","hentry","category-historia","category-politica","tag-edad","tag-juventudes","tag-tierra-prometida"],"blocksy_meta":[],"_links":{"self":[{"href":"https:\/\/blogdeosvaldonemirovsci.com.ar\/index.php?rest_route=\/wp\/v2\/posts\/1962","targetHints":{"allow":["GET"]}}],"collection":[{"href":"https:\/\/blogdeosvaldonemirovsci.com.ar\/index.php?rest_route=\/wp\/v2\/posts"}],"about":[{"href":"https:\/\/blogdeosvaldonemirovsci.com.ar\/index.php?rest_route=\/wp\/v2\/types\/post"}],"author":[{"embeddable":true,"href":"https:\/\/blogdeosvaldonemirovsci.com.ar\/index.php?rest_route=\/wp\/v2\/users\/4"}],"replies":[{"embeddable":true,"href":"https:\/\/blogdeosvaldonemirovsci.com.ar\/index.php?rest_route=%2Fwp%2Fv2%2Fcomments&post=1962"}],"version-history":[{"count":1,"href":"https:\/\/blogdeosvaldonemirovsci.com.ar\/index.php?rest_route=\/wp\/v2\/posts\/1962\/revisions"}],"predecessor-version":[{"id":1964,"href":"https:\/\/blogdeosvaldonemirovsci.com.ar\/index.php?rest_route=\/wp\/v2\/posts\/1962\/revisions\/1964"}],"wp:featuredmedia":[{"embeddable":true,"href":"https:\/\/blogdeosvaldonemirovsci.com.ar\/index.php?rest_route=\/wp\/v2\/media\/1963"}],"wp:attachment":[{"href":"https:\/\/blogdeosvaldonemirovsci.com.ar\/index.php?rest_route=%2Fwp%2Fv2%2Fmedia&parent=1962"}],"wp:term":[{"taxonomy":"category","embeddable":true,"href":"https:\/\/blogdeosvaldonemirovsci.com.ar\/index.php?rest_route=%2Fwp%2Fv2%2Fcategories&post=1962"},{"taxonomy":"post_tag","embeddable":true,"href":"https:\/\/blogdeosvaldonemirovsci.com.ar\/index.php?rest_route=%2Fwp%2Fv2%2Ftags&post=1962"}],"curies":[{"name":"wp","href":"https:\/\/api.w.org\/{rel}","templated":true}]}}